{"id":352,"date":"2018-10-15T16:26:38","date_gmt":"2018-10-15T14:26:38","guid":{"rendered":"http:\/\/www.edzierzoniow.pl\/?p=352"},"modified":"2025-12-16T20:54:03","modified_gmt":"2025-12-16T19:54:03","slug":"byly-dyrektor-liceum-z-wyrokiem-chce-byc-radnym-powiatowym","status":"publish","type":"post","link":"https:\/\/www.edzierzoniow.pl\/?p=352","title":{"rendered":"By\u0142y dyrektor liceum z wyrokiem chce by\u0107 radnym powiatowym"},"content":{"rendered":"\n<p>Uzyskali\u015bmy szokuj\u0105ce informacje na temat kolejnego kandydata do rady powiatu w Dzier\u017coniowie. <a href=\"http:\/\/www.edzierzoniow.pl\/?p=324\" target=\"_blank\" rel=\"noopener\">Tak jak pisali\u015bmy wcze\u015bniej<\/a>, kolejny lider PiS z Dzier\u017coniowa mia\u0142 ogromne problem z prawem, pozostaje zatem aktualne pytanie czy dlatego rz\u0105dz\u0105cy chc\u0105 zniszczy\u0107 s\u0105dy aby broni\u0107 przest\u0119pc\u00f3w?<\/p>\n\n\n\n<p>Cofnijmy si\u0119 w czasie. <strong>Janusz Maniecki<\/strong> w latach 1991 do 1996 by\u0142 dyrektorem I Liceum Og\u00f3lnokszta\u0142c\u0105cego w Dzier\u017coniowie. W opinii uczni\u00f3w by\u0142 \u015bwietnym nauczycielem, nauczycielem z pasj\u0105, kt\u00f3ry potrafi\u0142 wspaniale opowiada\u0107 o historii, potrafi\u0142 tak\u017ce zjedna\u0107 sobie sympatie uczennic. Jego byli uczniowie, do kt\u00f3rych uda\u0142o si\u0119 nam dotrze\u0107, powtarzali \u017ce by\u0142 to nauczyciel jakich ma\u0142o. Cho\u0107 dodaj\u0105, i\u017c z perspektywy czasu, niekt\u00f3re zachowania Pana <strong>Manieckiego<\/strong> wykracza\u0142y jednak poza relacj\u0119 nauczyciel-ucze\u0144, szczeg\u00f3lnie za\u015b dotyczy\u0142o to jednej z uczennic Agnieszki G. (imi\u0119 zmienione przez redakcj\u0119). Sprawa ta powinna by\u0107 uznana za spraw\u0119 osobist\u0105 Pana <strong>Janusza Manieckiego<\/strong>, jednak nie w przypadku relacji nauczyciel-ucze\u0144. Szczeg\u00f3lnie i\u017c ta znajomo\u015b\u0107 nikomu nie przynios\u0142a szcz\u0119\u015bcia; ani uczennicy, ani nauczycielowi ani rodzinie nauczyciela.<\/p>\n\n\n\n<p>Prawdopodobnie ta bliska znajomo\u015b\u0107 <strong>Janusz Manieckiego<\/strong> z uczennic\u0105 wywar\u0142a negatywny wp\u0142yw nie tylko na zawodowe \u017cycie kandydata. Otrzyma\u0142 on druzgoc\u0105ca opini\u0119 z okresu kiedy by\u0142 dyrektorem liceum.<\/p>\n\n\n\n<p>&#8222;<em>Pan <strong>Janusz Maniecki<\/strong> nie jest cz\u0142owiekiem otwarty, nie wykazuje ch\u0119ci wsp\u00f3\u0142pracy ze swoimi prze\u0142o\u017conymi. Wydaje si\u0119, \u017ce uwagi przyjmuje jako krytyk\u0119, st\u0105d brak mu obiektywizmu w stosunku do siebie i innych. &#8230;. Na podstawie sprawowanego nadzoru pedagogicznego, w wyniku rozm\u00f3w z pracownikami szko\u0142y oraz szczeg\u00f3\u0142owej analizy anonimowej ankiety mo\u017cna jednoznacznie stwierdzi\u0107, \u017ce Pan Janusz Maniecki nie potrafi stworzy\u0107 w\u0142a\u015bciwej atmosfery pracy w plac\u00f3wce, kt\u00f3ra kieruje. Nie posiada umiej\u0119tno\u015bci rozwi\u0105zywania konflikt\u00f3w, a wr\u0119cz buduje je. &#8230;. Najwi\u0119kszym mankamentem w pracy dyrektora jest nieumiej\u0119tno\u015b\u0107 kierowania zespo\u0142em ludzkim.<\/em>&#8221; &#8211; opinia z dnia 30 kwietnia 1996 roku.<\/p>\n\n\n\n<p>31 sierpnia 1996 roku <strong>Janusz Maniecki<\/strong> przesta\u0142 by\u0107 dyrektorem I Liceum Og\u00f3lnokszta\u0142c\u0105cego w Dzier\u017coniowie. Ale jego problemy si\u0119 nie sko\u0144czy\u0142y. Wr\u0119cz si\u0119 rozpocz\u0119\u0142y.<\/p>\n\n\n\n<p>Okaza\u0142o si\u0119 \u017ce w kasie I LO zacz\u0119\u0142y pojawia\u0107 si\u0119 braki a dokumenty, kt\u00f3re braki mia\u0142y wyja\u015bnia\u0107 s\u0105 co najmniej podejrzane. Tak Panem <strong>Manieckim<\/strong> zacz\u0119\u0142a interesowa\u0107 si\u0119 prokuratura i policja. W wyniku prowadzo0nego \u015bledztwa sta\u0142o si\u0119 jasne kto za tymi brakami stoi i kto odpowiada za wyprowadzanie funduszy ze szko\u0142y. Dokumenty przestawione poni\u017cej wyja\u015bniaj\u0105 spraw\u0119 i udzia\u0142 w tym procederze Pana <strong>Janusza Manieckiego<\/strong>.\u00a0<\/p>\n\n\n\n\t\t<div class=\"wppdfemb-frame-container-1\" style=\"-webkit-overflow-scrolling:auto;\">\n\t\t\t<iframe class=\"pdfembed-iframe nonfullscreen wppdf-emb-iframe-1\"\n\t\t\t\tsrc=\"https:\/\/www.edzierzoniow.pl\/?pdfemb-data=eyJwZGZJRCI6MzU2LCJ1cmwiOiJodHRwczpcL1wvd3d3LmVkemllcnpvbmlvdy5wbFwvd3BcL3dwLWNvbnRlbnRcL3VwbG9hZHNcLzIwMThcLzEwXC9tYW5pZWNraS13eXJva2ktU1ItRHppZXJ6b25pb3cucGRmIiwiaW5kZXgiOjF9\"\n\t\t\t\t\t\t\t\tdata-pdf-id=\"356\"\n\t\t\t\tdata-pdf-index=\"1\"\n\t\t\t\tstyle=\"border:none;width:100%;max-width:100%;height:100vh;\"\n\t\t\t\tscrolling=\"yes\">\n\t\t\t<\/iframe>\n\t\t<\/div>\n\n\t\t\n\n\n<p>Dla nas informacje te by\u0142y pora\u017caj\u0105ce, cz\u0142owiek kt\u00f3ry tak du\u017co na swoim profilu FB po\u015bwi\u0119ca uwagi uczciwo\u015bci, nieskazitelno\u015bci, zarzucaj\u0105c innym oszustwa i z\u0142odziejstwo; sam nie jest na tyle &#8222;czysty&#8221; aby uchodzi\u0107 za sprawiedliwego.<\/p>\n\n\n\n<p>Tu w\u0142a\u015bciwie historia Pana <strong>Janusza Manieckiego<\/strong> powinna si\u0119 zako\u0144czy\u0107, ale Pan <strong>Maniecki<\/strong> postanowi\u0142 mimo to anga\u017cowa\u0107 si\u0119 w polityk\u0119 uznaj\u0105c \u017ce problemu nie ma i nie by\u0142o.<\/p>\n\n\n\n<p>Chcieli\u015bmy porozmawia\u0107 o tej niemi\u0142ej historii i przedstawi\u0107 tak\u017ce stanowiska kandydata &#8211; niestety stwierdzi\u0142, i\u017c na te tematy nie b\u0119dzie z nami rozmawia\u0107.<\/p>\n\n\n\n<p>Z kronikarskiego obowi\u0105zku doda\u0107 musimy, i\u017c Pan <strong>Janusz Maniecki<\/strong> mia\u0142 te\u017c przygod\u0119 z prowadzeniem pojazdu (Opel Kadet &#8211; produkcji niemieckiej) pod wp\u0142ywem czy po spo\u017cyciu alkoholu. Mo\u017ce z tego powodu tak bardzo lubi teraz spacery? Tego niestety nie wiemy.<\/p>\n\n\n\n<p>Kara i tym samym wyrok wydany w sprawie Janusza Manieckiego uleg\u0142y ju\u017c zatarciu. Co oznacza, i\u017c w \u015bwietle prawa jest On nie karany, nie oznacza to jednak \u017ce zatarciu ulegaj\u0105 czyny. Szczeg\u00f3lnie w przypadku polityka i kandydata w wyborach.<\/p>\n\n\n\n<p>A. Ammit<\/p>\n","protected":false},"excerpt":{"rendered":"<p>Uzyskali\u015bmy szokuj\u0105ce informacje na temat kolejnego kandydata do rady powiatu w Dzier\u017coniowie. Tak jak pisali\u015bmy wcze\u015bniej, kolejny lider PiS z Dzier\u017coniowa mia\u0142 ogromne problem z prawem, pozostaje zatem aktualne pytanie czy dlatego rz\u0105dz\u0105cy chc\u0105 zniszczy\u0107 s\u0105dy aby broni\u0107 przest\u0119pc\u00f3w? Cofnijmy si\u0119 w czasie. Janusz Maniecki w latach 1991 do 1996 by\u0142 dyrektorem I Liceum Og\u00f3lnokszta\u0142c\u0105cego &hellip; <a href=\"https:\/\/www.edzierzoniow.pl\/?p=352\" class=\"more-link\">Czytaj dalej <span class=\"screen-reader-text\">By\u0142y dyrektor liceum z wyrokiem chce by\u0107 radnym powiatowym<\/span> <span class=\"meta-nav\">&rarr;<\/span><\/a><\/p>\n","protected":false},"author":1,"featured_media":358,"comment_status":"open","ping_status":"open","sticky":false,"template":"","format":"standard","meta":{"footnotes":""},"categories":[1,2],"tags":[28,41,9],"class_list":["post-352","post","type-post","status-publish","format-standard","has-post-thumbnail","hentry","category-bez-kategorii","category-dzierzoniow","tag-dzierzoniow","tag-pis","tag-wybory"],"_links":{"self":[{"href":"https:\/\/www.edzierzoniow.pl\/index.php?rest_route=\/wp\/v2\/posts\/352","targetHints":{"allow":["GET"]}}],"collection":[{"href":"https:\/\/www.edzierzoniow.pl\/index.php?rest_route=\/wp\/v2\/posts"}],"about":[{"href":"https:\/\/www.edzierzoniow.pl\/index.php?rest_route=\/wp\/v2\/types\/post"}],"author":[{"embeddable":true,"href":"https:\/\/www.edzierzoniow.pl\/index.php?rest_route=\/wp\/v2\/users\/1"}],"replies":[{"embeddable":true,"href":"https:\/\/www.edzierzoniow.pl\/index.php?rest_route=%2Fwp%2Fv2%2Fcomments&post=352"}],"version-history":[{"count":8,"href":"https:\/\/www.edzierzoniow.pl\/index.php?rest_route=\/wp\/v2\/posts\/352\/revisions"}],"predecessor-version":[{"id":475,"href":"https:\/\/www.edzierzoniow.pl\/index.php?rest_route=\/wp\/v2\/posts\/352\/revisions\/475"}],"wp:featuredmedia":[{"embeddable":true,"href":"https:\/\/www.edzierzoniow.pl\/index.php?rest_route=\/wp\/v2\/media\/358"}],"wp:attachment":[{"href":"https:\/\/www.edzierzoniow.pl\/index.php?rest_route=%2Fwp%2Fv2%2Fmedia&parent=352"}],"wp:term":[{"taxonomy":"category","embeddable":true,"href":"https:\/\/www.edzierzoniow.pl\/index.php?rest_route=%2Fwp%2Fv2%2Fcategories&post=352"},{"taxonomy":"post_tag","embeddable":true,"href":"https:\/\/www.edzierzoniow.pl\/index.php?rest_route=%2Fwp%2Fv2%2Ftags&post=352"}],"curies":[{"name":"wp","href":"https:\/\/api.w.org\/{rel}","templated":true}]}}