{"id":277,"date":"2017-02-27T12:44:04","date_gmt":"2017-02-27T11:44:04","guid":{"rendered":"http:\/\/www.edzierzoniow.pl\/?p=277"},"modified":"2017-02-27T12:44:04","modified_gmt":"2017-02-27T11:44:04","slug":"smutna-prawda-o-zolnierzach-wykletych","status":"publish","type":"post","link":"https:\/\/www.edzierzoniow.pl\/?p=277","title":{"rendered":"Smutna prawda o &#8222;\u017co\u0142nierzach wykl\u0119tych&#8221;"},"content":{"rendered":"<p>W miastach naszego powiatu odbywaj\u0105 si\u0119 biegi, kt\u00f3re maj\u0105 upami\u0119tnia\u0107&#8221;\u017co\u0142nierzy wykl\u0119tych&#8221;. Uczestnik\u00f3w jest ma\u0142o aby nie powiedzie\u0107 bardzo ma\u0142o i pomimo wysi\u0142k\u00f3w organizator\u00f3w biegi ciesz\u0105 si\u0119 mizernym zainteresowaniem. Niemniej jest to okazja aby uczci\u0107 nie tyle &#8222;\u017co\u0142nierzy wykl\u0119tych&#8221; ale ofiary tych ludzi. &#8222;\u017bo\u0142nierze&#8221; mordowali ludno\u015b\u0107 cywiln\u0105 tak samo jak UPA czy SS. Dzia\u0142ali pod przykrywk\u0105 patriotyzmu i uwa\u017cali \u017ce ich czyny przynios\u0105 im chwa\u0142\u0119. Tak naprawd\u0119 stali si\u0119 wyrzutem ale zapomnie\u0107 o nich nie wolo, tak samo jak nie wolno zapomnie\u0107 o Hitlerze, obozach koncentracyjnych, Stalinie, gu\u0142agach, UPA, &#8230;..<\/p>\n<figure style=\"width: 733px\" class=\"wp-caption aligncenter\"><img loading=\"lazy\" decoding=\"async\" src=\"https:\/\/historiamniejznanaizapomniana.files.wordpress.com\/2017\/01\/zbrodnie-burego-1946-1.jpg\" width=\"733\" height=\"550\" class=\"size-large\" \/><figcaption class=\"wp-caption-text\">Zw\u0142oki dziecka zamordowanego przez &#8222;\u017co\u0142nierzy wykl\u0119tych&#8221; &#8211; fot. IPN<\/figcaption><\/figure>\n<p>Warto zacytowa\u0107 artyku\u0142 Piotra Sobolewskiego z Dziennika BA\u0142tyckiego<\/p>\n<p>Zacznijmy od Romualda Rajsa ps. \u201eBury\u201d, kt\u00f3rego pami\u0119ci po\u015bwi\u0119cono organizowany ostatnio w Hajn\u00f3wce marsz, o ma\u0142y w\u0142os nie obj\u0119ty patronatem przez G\u0142ow\u0119 Pa\u0144stwa.<\/p>\n<p>Dla ludzi zamieszkuj\u0105cych tereny maj\u0105ce by\u0107 tras\u0105 marszu najistotniejsza jest dzia\u0142alno\u015b\u0107 \u201eBurego\u201d w obr\u0119bie ich \u201ema\u0142ych ojczyzn\u201d \u2013 na niej si\u0119 zatem skupimy. To w\u0142a\u015bnie tu oddzia\u0142 PAS \u2013 NZW dowodzony przez kpt. Romualda Rajsa w dniach 29,31.01 1946 oraz 02.02.1946 spali\u0142 pi\u0119\u0107 wsi by\u0142ego powiatu Bielsk Podlaski (Zanie, Zaleszany, Ko\u0144cowizna, Szpaki, W\u00f3lka Wyganowska) zabijaj\u0105c w okrutny spos\u00f3b 82 osoby w tym kobiety, dzieci i starc\u00f3w, kt\u00f3re spalono w zamkni\u0119tych budynkach.<\/p>\n<p>Tak\u017ce w styczniu 1946 roku, oddzia\u0142 \u201eBurego\u201d zatrzyma\u0142 we wsi \u0141ozice 40 ch\u0142op\u00f3w wys\u0142anych przez so\u0142tys\u00f3w na tzw. \u201eszarwark\u201d czyli roboty na rzecz gminy. Zatrzymanych wraz z podwodami i ko\u0144mi zmuszono, by zawie\u017ali oddzia\u0142 \u201eBurego\u201d do Hajn\u00f3wki a nast\u0119pnie do Zaleszan, gdzie mieszka\u0144c\u00f3w st\u0142oczono w jednym domu a nast\u0119pnie podpalono go. Po wykonaniu zadania pozosta\u0142ych 30 furman\u00f3w zamordowano w miejscowo\u015bci Pucha\u0142y Stare.<\/p>\n<p>Dla oszcz\u0119dno\u015bci amunicji mordowano nieszcz\u0119\u015bnik\u00f3w obuchami siekier, strzelaj\u0105c wy\u0142\u0105cznie do uciekaj\u0105cych lub dobijaj\u0105c rannych. Doda\u0107 nale\u017cy, \u017ce jedyn\u0105 \u201ewin\u0105\u201d ofiar by\u0142o to, \u017ce wszyscy oni byli prawos\u0142awni (jak wi\u0119kszo\u015b\u0107 zamieszkuj\u0105cych tamte tereny) i w znacz\u0105cej cz\u0119\u015bci narodowo\u015bci bia\u0142oruskiej.<\/p>\n<p>Prowadz\u0105cy w tej sprawie \u015bledztwo bia\u0142ostocki IPN, zako\u0144czy\u0142 je 30 czerwca 2005 roku uznaniem \u201eBurego\u201d winnym zbrodni ludob\u00f3jstwa, kt\u00f3ry to wyrok podtrzyma\u0142 orzeczeniem z dnia 18.11.2005 S\u0105d Okr\u0119gowy z Bia\u0142ymstoku.<\/p>\n<p>Jak si\u0119 okazuje nie stanowi\u0142o to przeszkody dla inicjator\u00f3w wniosku o nadanie jednemu ze zjazd\u00f3w z autostrady A4 imienia Romualda Rajsa \u201eBurego\u201d, za\u015b Kancelaria Prezydenta RP dos\u0142ownie cudem unikn\u0119\u0142a kompromitacji, wycofuj\u0105c si\u0119 w ostatniej chwili z obietnicy patronatu nad wspomnianym na wst\u0119pie marszem, przebiegaj\u0105cym dos\u0142ownie szlakiem grob\u00f3w pomordowanych przez \u201eBurego\u201d ofiar. Naturalnie \u201eBury\u201d nie by\u0142 jedyny. Oto kr\u00f3tka lista dokona\u0144 innych tzw. \u201e\u017co\u0142nierzy wykl\u0119tych\u201d:<\/p>\n<p>    23.06.1944 oddzia\u0142 Zygmunta Szendzielarza ps. \u201e\u0141upaszka\u201d wymordowa\u0142 we wsi Dubinki 27 os\u00f3b w tym kobiety i dzieci. Ofiar\u0105 zbrodniarzy pad\u0142a mi\u0119dzy innymi Anna G\u00f3rska z 4 letnim synem.<br \/>\n    13.04.1945 w miejscowo\u015bci Horeszkowice oddzia\u0142 NSZ\u201eSoko\u0142a\u201d wymordowa\u0142 8 przesiedle\u0144c\u00f3w w tym ci\u0119\u017carn\u0105 kobiet\u0119, kt\u00f3r\u0105 zakopano \u017cywcem.<br \/>\n    11.05.1945 oddzia\u0142 Zygmunta B\u0142a\u017cejewicza ps. \u201eZygmunt\u201d spali\u0142 wie\u015b Wiluki<br \/>\n    27.05.45 w Przedborzu oddzia\u0142 NSZ W\u0142adys\u0142awa Ko\u0142aci\u0144skiego ps. \u201e\u017bbik\u201d zamordowa\u0142 9 ocala\u0142ych \u017byd\u00f3w w tym kobiet\u0119 i dziecko.<br \/>\n    08.06.1945 oddzia\u0142 NSZ \u201eSzarego\u201d w miejscowo\u015bci Wierzchowiny wymordowa\u0142 194 osoby w tym 45 m\u0119\u017cczyzn, 84 kobiety i 65 dzieci poni\u017cej 11 lat. Najstarsza ofiara mia\u0142a 92 lata, najm\u0142odsza 2 tygodnie.<br \/>\n    08.07.45 w Opocznie zamordowano 3 \u017byd\u00f3w, w tym jednego ocala\u0142ego z Auschwitz.<\/p>\n<p>T\u0105 list\u0119 zbrodni mo\u017cna by jeszcze d\u0142ugo kontynuowa\u0107, ale nawet te nieliczne podane przyk\u0142ady wystarczaj\u0105co \u2013 jak si\u0119 wydaje \u2013 \u201euzasadniaj\u0105\u201d wniosek, o nadanie autostradzie A4 imienia \u201e\u017co\u0142nierzy wykl\u0119tych\u201d. A mo\u017ce by tak nada\u0107 jej imi\u0119 ich Ofiar ?!<\/p>\n<p>Osobn\u0105 kart\u0119 stanowi\u0107 mo\u017ce powojenna \u201edzia\u0142alno\u015b\u0107\u201d na Podhalu, J\u00f3zefa Kurasia ps. \u201eOgie\u0144\u201d oraz dowodzonego przez niego \u201eoddzia\u0142u\u201d. Oto daleko niepe\u0142na lista przest\u0119pstw jakich dopu\u015bci\u0142 si\u0119 ten \u2013 kreowany dzi\u015b na bohatera narodowego \u2013 zbrodniarz :<\/p>\n<p>    23.06.1945 w miejscowo\u015bci Maniowa ko\u0142o Nowego Targu zamordowano 4 osoby narodowo\u015bci \u017cydowskiej<br \/>\n    10.12.1945 w Ostrowsku na s\u0142upie telegraficznym powieszono ci\u0119\u017carn\u0105 Katarzyn\u0119 Ko\u015bcieln\u0105 z d. Remierz za to, \u017ce w rozmowie z s\u0105siadk\u0105 nazwa\u0142a \u201eOgnia\u201d bandyt\u0105<br \/>\n    30.12.1945 w miejscowo\u015bci Gronk\u00f3w w powiecie nowotarskim zamordowano 6 os\u00f3b<br \/>\n    J\u00f3zef Kura\u015b zgwa\u0142ci\u0142 wezwan\u0105 z Waksmundu matk\u0119 dw\u00f3jki dzieci \u2013 Czubiakow\u0105. Odprowadzaj\u0105cy j\u0105 jego podw\u0142adny r\u00f3wnie\u017c j\u0105 zgwa\u0142ci\u0142, a nast\u0119pnie zastrzeli\u0142<br \/>\n    21.01.1946 w Trybszu zamordowano w\u0142a\u015bciciela m\u0142yna Paw\u0142a Bizuba oraz jego syna \u2013 Jakuba. Obaj byli S\u0142owakami.<br \/>\n    28.01.1946 w Nowym Targu zamordowano \u017byda Rudolfa Ozorowskiego<br \/>\n    30.01.1946 w Por\u0119bie Wielkiej powiat Limanowa zamordowano repatrianta ze wschodu \u2013 W\u0142adys\u0142awa Godfryda<br \/>\n    10.02.1946 zamordowano w\u00f3jta Gminy \u017bydowskiej na terenie powiatu Nowy Targ \u2013 Dawida Grazgerina<br \/>\n    29.02.1946 w Zakopanem zamordowano kierownika Towarzystwa Tatrza\u0144skiego \u2013 \u017byda<br \/>\n    2\/3.05.1946 w okolicy Kro\u015bcienka obrabowano a nast\u0119pnie zamordowano 12 os\u00f3b narodowo\u015bci \u017cydowskiej. 7 os\u00f3b zosta\u0142o rannych.<br \/>\n    15..08.1946 zamordowano w Rabce kierownika tamtejszej Stra\u017cy Po\u017carnej \u2013 Stanis\u0142awa Mankiewicza<br \/>\n    25.08.1946 ze szpitala \u015bw. \u0141azarza w Krakowie porwano Tadeusza Urmanskiego i Eugeniusza Kadrysa. W trakcie napadu zastrzelona zosta\u0142a piel\u0119gniarka, Barbara Kowala<\/p>\n<p>To zaledwie niewielki wycinek zbrodni, kt\u00f3re mia\u0142 na sumieniu \u201eOgie\u0144\u201d \u2013 doliczmy te\u017c \u201ezwyk\u0142e\u201d napady rabunkowe na ludno\u015b\u0107 cywiln\u0105, jakich w latach 1945 \u2013 1947 dokona\u0142 120!<\/p>\n<p>Trudno powiedzie\u0107, czy wszystkie te dane znane by\u0142y Ministrowi Obrony Narodowej \u2013 Antoniemu Macierewiczowi \u2013 gdy uczestniczy\u0142 On 20.02.2016 w Waksmundzie w rocznicowych obchodach \u015bmierci \u201eOgnia\u201d, ale nie przypuszczam, by ich znajomo\u015b\u0107 Mu w czymkolwiek przeszkadza\u0142a. Nie wiadomo tak\u017ce czy to TEN dorobek mia\u0142 On na my\u015bli, gdy na wspomnianych uroczysto\u015bciach m\u00f3wi\u0142 : \u201eDzi\u015b wraca polska tradycja, wracaj\u0105 polskie warto\u015bci, wraca mo\u017cliwo\u015b\u0107 odbudowy wielkiej Rzeczpospolitej\u2026\u201d <\/p>\n","protected":false},"excerpt":{"rendered":"<p>W miastach naszego powiatu odbywaj\u0105 si\u0119 biegi, kt\u00f3re maj\u0105 upami\u0119tnia\u0107&#8221;\u017co\u0142nierzy wykl\u0119tych&#8221;. Uczestnik\u00f3w jest ma\u0142o aby nie powiedzie\u0107 bardzo ma\u0142o i pomimo wysi\u0142k\u00f3w organizator\u00f3w biegi ciesz\u0105 si\u0119 mizernym zainteresowaniem. Niemniej jest to okazja aby uczci\u0107 nie tyle &#8222;\u017co\u0142nierzy wykl\u0119tych&#8221; ale ofiary tych ludzi. &#8222;\u017bo\u0142nierze&#8221; mordowali ludno\u015b\u0107 cywiln\u0105 tak samo jak UPA czy SS. Dzia\u0142ali pod przykrywk\u0105 &hellip; <a href=\"https:\/\/www.edzierzoniow.pl\/?p=277\" class=\"more-link\">Czytaj dalej <span class=\"screen-reader-text\">Smutna prawda o &#8222;\u017co\u0142nierzach wykl\u0119tych&#8221;<\/span> <span class=\"meta-nav\">&rarr;<\/span><\/a><\/p>\n","protected":false},"author":1,"featured_media":279,"comment_status":"open","ping_status":"open","sticky":false,"template":"","format":"standard","meta":{"footnotes":""},"categories":[8,2,18],"tags":[29,28,36],"class_list":["post-277","post","type-post","status-publish","format-standard","has-post-thumbnail","hentry","category-bielawa","category-dzierzoniow","category-pieszyce","tag-bielawa","tag-dzierzoniow","tag-pieszyce"],"_links":{"self":[{"href":"https:\/\/www.edzierzoniow.pl\/index.php?rest_route=\/wp\/v2\/posts\/277","targetHints":{"allow":["GET"]}}],"collection":[{"href":"https:\/\/www.edzierzoniow.pl\/index.php?rest_route=\/wp\/v2\/posts"}],"about":[{"href":"https:\/\/www.edzierzoniow.pl\/index.php?rest_route=\/wp\/v2\/types\/post"}],"author":[{"embeddable":true,"href":"https:\/\/www.edzierzoniow.pl\/index.php?rest_route=\/wp\/v2\/users\/1"}],"replies":[{"embeddable":true,"href":"https:\/\/www.edzierzoniow.pl\/index.php?rest_route=%2Fwp%2Fv2%2Fcomments&post=277"}],"version-history":[{"count":2,"href":"https:\/\/www.edzierzoniow.pl\/index.php?rest_route=\/wp\/v2\/posts\/277\/revisions"}],"predecessor-version":[{"id":280,"href":"https:\/\/www.edzierzoniow.pl\/index.php?rest_route=\/wp\/v2\/posts\/277\/revisions\/280"}],"wp:featuredmedia":[{"embeddable":true,"href":"https:\/\/www.edzierzoniow.pl\/index.php?rest_route=\/wp\/v2\/media\/279"}],"wp:attachment":[{"href":"https:\/\/www.edzierzoniow.pl\/index.php?rest_route=%2Fwp%2Fv2%2Fmedia&parent=277"}],"wp:term":[{"taxonomy":"category","embeddable":true,"href":"https:\/\/www.edzierzoniow.pl\/index.php?rest_route=%2Fwp%2Fv2%2Fcategories&post=277"},{"taxonomy":"post_tag","embeddable":true,"href":"https:\/\/www.edzierzoniow.pl\/index.php?rest_route=%2Fwp%2Fv2%2Ftags&post=277"}],"curies":[{"name":"wp","href":"https:\/\/api.w.org\/{rel}","templated":true}]}}