{"id":271,"date":"2017-02-24T17:11:43","date_gmt":"2017-02-24T16:11:43","guid":{"rendered":"http:\/\/www.edzierzoniow.pl\/?p=271"},"modified":"2017-02-24T17:13:54","modified_gmt":"2017-02-24T16:13:54","slug":"rzez-drzew-w-dzierzoniowie","status":"publish","type":"post","link":"https:\/\/www.edzierzoniow.pl\/?p=271","title":{"rendered":"Rze\u017a drzew w Dzier\u017coniowie"},"content":{"rendered":"<p>Rze\u017a drzew w Dzier\u017coniowie to efekt &#8222;wizyty&#8221; w naszym mie\u015bcie PiSowskiego ministra Szyszki. Wycinaj\u0105cy spiesz\u0105 si\u0119 bardzo, tn\u0105 drzewa jak leci. Drzewa nie krzycz\u0105 i nie uciekaj\u0105. C\u00f3\u017c nikomu nie przeszkadza\u0142y dziesi\u0105tki lat, ale teraz sta\u0142y si\u0119 niepotrzebne, wr\u0119cz przeszkadzaj\u0105, no to si\u0119 ciach i po sprawie. Miejmy nadziej\u0119, \u017ce tak samo wyborczy z obecn\u0105 w\u0142adz\u0105 post\u0105pi\u0105 w nast\u0119pnych wyborach, ciach i po PiSie. Tylko \u017ce drzewa odrosn\u0105 za nast\u0119pne kilkadziesi\u0105t lat &#8211; WSTYD.<\/p>\n<p><a href=\"http:\/\/www.edzierzoniow.pl\/wp\/wp-content\/uploads\/2017\/02\/IMG_20170224_092751.jpg\"><img loading=\"lazy\" decoding=\"async\" class=\"alignleft size-full wp-image-268\" src=\"http:\/\/www.edzierzoniow.pl\/wp\/wp-content\/uploads\/2017\/02\/IMG_20170224_092751.jpg\" alt=\"\" width=\"3072\" height=\"1728\" srcset=\"https:\/\/www.edzierzoniow.pl\/wp\/wp-content\/uploads\/2017\/02\/IMG_20170224_092751.jpg 3072w, https:\/\/www.edzierzoniow.pl\/wp\/wp-content\/uploads\/2017\/02\/IMG_20170224_092751-300x169.jpg 300w, https:\/\/www.edzierzoniow.pl\/wp\/wp-content\/uploads\/2017\/02\/IMG_20170224_092751-768x432.jpg 768w, https:\/\/www.edzierzoniow.pl\/wp\/wp-content\/uploads\/2017\/02\/IMG_20170224_092751-1024x576.jpg 1024w\" sizes=\"auto, (max-width: 3072px) 100vw, 3072px\" \/><\/a><\/p>\n<p><a href=\"http:\/\/www.edzierzoniow.pl\/wp\/wp-content\/uploads\/2017\/02\/IMG_20170224_093141.jpg\"><img loading=\"lazy\" decoding=\"async\" class=\"alignleft size-full wp-image-269\" src=\"http:\/\/www.edzierzoniow.pl\/wp\/wp-content\/uploads\/2017\/02\/IMG_20170224_093141.jpg\" alt=\"\" width=\"1728\" height=\"3072\" srcset=\"https:\/\/www.edzierzoniow.pl\/wp\/wp-content\/uploads\/2017\/02\/IMG_20170224_093141.jpg 1728w, https:\/\/www.edzierzoniow.pl\/wp\/wp-content\/uploads\/2017\/02\/IMG_20170224_093141-169x300.jpg 169w, https:\/\/www.edzierzoniow.pl\/wp\/wp-content\/uploads\/2017\/02\/IMG_20170224_093141-768x1365.jpg 768w, https:\/\/www.edzierzoniow.pl\/wp\/wp-content\/uploads\/2017\/02\/IMG_20170224_093141-576x1024.jpg 576w\" sizes=\"auto, (max-width: 1728px) 100vw, 1728px\" \/><\/a><\/p>\n<p><a href=\"http:\/\/www.edzierzoniow.pl\/wp\/wp-content\/uploads\/2017\/02\/IMG_20170224_093241.jpg\"><img loading=\"lazy\" decoding=\"async\" class=\"alignleft size-large wp-image-266\" src=\"http:\/\/www.edzierzoniow.pl\/wp\/wp-content\/uploads\/2017\/02\/IMG_20170224_093241-576x1024.jpg\" alt=\"\" width=\"474\" height=\"843\" srcset=\"https:\/\/www.edzierzoniow.pl\/wp\/wp-content\/uploads\/2017\/02\/IMG_20170224_093241-576x1024.jpg 576w, https:\/\/www.edzierzoniow.pl\/wp\/wp-content\/uploads\/2017\/02\/IMG_20170224_093241-169x300.jpg 169w, https:\/\/www.edzierzoniow.pl\/wp\/wp-content\/uploads\/2017\/02\/IMG_20170224_093241-768x1365.jpg 768w, https:\/\/www.edzierzoniow.pl\/wp\/wp-content\/uploads\/2017\/02\/IMG_20170224_093241.jpg 1728w\" sizes=\"auto, (max-width: 474px) 100vw, 474px\" \/><\/a><\/p>\n<p><a href=\"http:\/\/www.edzierzoniow.pl\/wp\/wp-content\/uploads\/2017\/02\/IMG_20170224_094025.jpg\"><img loading=\"lazy\" decoding=\"async\" class=\"alignleft size-large wp-image-265\" src=\"http:\/\/www.edzierzoniow.pl\/wp\/wp-content\/uploads\/2017\/02\/IMG_20170224_094025-576x1024.jpg\" alt=\"\" width=\"474\" height=\"843\" srcset=\"https:\/\/www.edzierzoniow.pl\/wp\/wp-content\/uploads\/2017\/02\/IMG_20170224_094025-576x1024.jpg 576w, https:\/\/www.edzierzoniow.pl\/wp\/wp-content\/uploads\/2017\/02\/IMG_20170224_094025-169x300.jpg 169w, https:\/\/www.edzierzoniow.pl\/wp\/wp-content\/uploads\/2017\/02\/IMG_20170224_094025-768x1365.jpg 768w, https:\/\/www.edzierzoniow.pl\/wp\/wp-content\/uploads\/2017\/02\/IMG_20170224_094025.jpg 1728w\" sizes=\"auto, (max-width: 474px) 100vw, 474px\" \/><\/a><\/p>\n<p><a href=\"http:\/\/www.edzierzoniow.pl\/wp\/wp-content\/uploads\/2017\/02\/IMG_20170224_094904.jpg\"><img loading=\"lazy\" decoding=\"async\" src=\"http:\/\/www.edzierzoniow.pl\/wp\/wp-content\/uploads\/2017\/02\/IMG_20170224_094904-576x1024.jpg\" alt=\"\" width=\"474\" height=\"843\" class=\"alignleft size-large wp-image-264\" srcset=\"https:\/\/www.edzierzoniow.pl\/wp\/wp-content\/uploads\/2017\/02\/IMG_20170224_094904-576x1024.jpg 576w, https:\/\/www.edzierzoniow.pl\/wp\/wp-content\/uploads\/2017\/02\/IMG_20170224_094904-169x300.jpg 169w, https:\/\/www.edzierzoniow.pl\/wp\/wp-content\/uploads\/2017\/02\/IMG_20170224_094904-768x1365.jpg 768w, https:\/\/www.edzierzoniow.pl\/wp\/wp-content\/uploads\/2017\/02\/IMG_20170224_094904.jpg 1728w\" sizes=\"auto, (max-width: 474px) 100vw, 474px\" \/><\/a><\/p>\n<p><iframe loading=\"lazy\" title=\",,PAMI\u0118TAJCIE  O OGRODACH ,,.\" width=\"474\" height=\"356\" src=\"https:\/\/www.youtube.com\/embed\/SSXVUtwNw7Y?feature=oembed\" frameborder=\"0\" allow=\"accelerometer; autoplay; clipboard-write; encrypted-media; gyroscope; picture-in-picture; web-share\" referrerpolicy=\"strict-origin-when-cross-origin\" allowfullscreen><\/iframe><\/p>\n<p><span style=\"border-radius: 2px; text-indent: 20px; width: auto; padding: 0px 4px 0px 0px; text-align: center; font: bold 11px\/20px 'Helvetica Neue',Helvetica,sans-serif; color: #ffffff; background: #bd081c  no-repeat scroll 3px 50% \/ 14px 14px; position: absolute; opacity: 1; z-index: 8675309; display: none; cursor: pointer;\">Zapisz<\/span><\/p>\n","protected":false},"excerpt":{"rendered":"<p>Rze\u017a drzew w Dzier\u017coniowie to efekt &#8222;wizyty&#8221; w naszym mie\u015bcie PiSowskiego ministra Szyszki. Wycinaj\u0105cy spiesz\u0105 si\u0119 bardzo, tn\u0105 drzewa jak leci. Drzewa nie krzycz\u0105 i nie uciekaj\u0105. C\u00f3\u017c nikomu nie przeszkadza\u0142y dziesi\u0105tki lat, ale teraz sta\u0142y si\u0119 niepotrzebne, wr\u0119cz przeszkadzaj\u0105, no to si\u0119 ciach i po sprawie. Miejmy nadziej\u0119, \u017ce tak samo wyborczy z obecn\u0105 &hellip; <a href=\"https:\/\/www.edzierzoniow.pl\/?p=271\" class=\"more-link\">Czytaj dalej <span class=\"screen-reader-text\">Rze\u017a drzew w Dzier\u017coniowie<\/span> <span class=\"meta-nav\">&rarr;<\/span><\/a><\/p>\n","protected":false},"author":1,"featured_media":267,"comment_status":"open","ping_status":"open","sticky":false,"template":"","format":"standard","meta":{"footnotes":""},"categories":[2],"tags":[37,28,38],"class_list":["post-271","post","type-post","status-publish","format-standard","has-post-thumbnail","hentry","category-dzierzoniow","tag-drzewa","tag-dzierzoniow","tag-zielen-miejska"],"_links":{"self":[{"href":"https:\/\/www.edzierzoniow.pl\/index.php?rest_route=\/wp\/v2\/posts\/271","targetHints":{"allow":["GET"]}}],"collection":[{"href":"https:\/\/www.edzierzoniow.pl\/index.php?rest_route=\/wp\/v2\/posts"}],"about":[{"href":"https:\/\/www.edzierzoniow.pl\/index.php?rest_route=\/wp\/v2\/types\/post"}],"author":[{"embeddable":true,"href":"https:\/\/www.edzierzoniow.pl\/index.php?rest_route=\/wp\/v2\/users\/1"}],"replies":[{"embeddable":true,"href":"https:\/\/www.edzierzoniow.pl\/index.php?rest_route=%2Fwp%2Fv2%2Fcomments&post=271"}],"version-history":[{"count":3,"href":"https:\/\/www.edzierzoniow.pl\/index.php?rest_route=\/wp\/v2\/posts\/271\/revisions"}],"predecessor-version":[{"id":274,"href":"https:\/\/www.edzierzoniow.pl\/index.php?rest_route=\/wp\/v2\/posts\/271\/revisions\/274"}],"wp:featuredmedia":[{"embeddable":true,"href":"https:\/\/www.edzierzoniow.pl\/index.php?rest_route=\/wp\/v2\/media\/267"}],"wp:attachment":[{"href":"https:\/\/www.edzierzoniow.pl\/index.php?rest_route=%2Fwp%2Fv2%2Fmedia&parent=271"}],"wp:term":[{"taxonomy":"category","embeddable":true,"href":"https:\/\/www.edzierzoniow.pl\/index.php?rest_route=%2Fwp%2Fv2%2Fcategories&post=271"},{"taxonomy":"post_tag","embeddable":true,"href":"https:\/\/www.edzierzoniow.pl\/index.php?rest_route=%2Fwp%2Fv2%2Ftags&post=271"}],"curies":[{"name":"wp","href":"https:\/\/api.w.org\/{rel}","templated":true}]}}