{"id":246,"date":"2017-02-04T16:58:51","date_gmt":"2017-02-04T15:58:51","guid":{"rendered":"http:\/\/www.edzierzoniow.pl\/?p=246"},"modified":"2025-12-16T20:55:42","modified_gmt":"2025-12-16T19:55:42","slug":"referendum-w-sprawie-zatrzymania-reformy-edukacji","status":"publish","type":"post","link":"https:\/\/www.edzierzoniow.pl\/?p=246","title":{"rendered":"Referendum w sprawie zatrzymania &#8222;reformy&#8221; edukacji"},"content":{"rendered":"\n<p>G\u0142os rodzic\u00f3w w debacie o reformie zosta\u0142 pomini\u0119ty. Chocia\u017c Anna Zalewska wielokrotnie powo\u0142ywa\u0142a si\u0119 na konsultacje towarzysz\u0105ce wprowadzanym w o\u015bwiacie zmianom, to jednak nie odby\u0142y si\u0119 \u017cadne konsultacje, w kt\u00f3re w\u0142\u0105czeni byliby r\u00f3wnie\u017c rodzice i opiekunowie. Za to liczba ruch\u00f3w rodzicielskich, opowiadaj\u0105cych si\u0119 przeciwko planowanej reformie edukacji, systematycznie ro\u015bnie.<\/p>\n\n\n\n<p>Czy referendum ma teraz sens? To nie my jeste\u015bmy autorami i autorkami kalendarza przeprowadzanych zmian i nieprawdopodobnego tempa wprowadzania w \u017cycie ustawy \u201ePrawo o\u015bwiatowe\u201d. Na ka\u017cdym etapie procedowania nowego prawa, pr\u00f3bowali\u015bmy powstrzyma\u0107 fatalne w skutkach zmiany lub chocia\u017c spowodowa\u0107 zwolnienie tempa ich wprowadzania i przeprowadzenie szerokich konsultacji, jakie powinny towarzyszy\u0107 tak powa\u017cnej reformie, ingeruj\u0105cej w \u017cycie milion\u00f3w polskich dzieci.<\/p>\n\n\n\n<p>Uczestniczyli\u015bmy w posiedzeniach sejmowej Komisji Edukacji Nauki i M\u0142odzie\u017cy, wyst\u0119powali\u015bmy o spotkania z przedstawicielami Ministerstwa Edukacji Narodowej, z\u0142o\u017cyli\u015bmy nasze \u2013 krytyczne wobec planowanych zmian \u2013 stanowisko do Kancelarii Prezydenta. Organizowali\u015bmy protesty uliczne oraz wielokrotnie przedstawiali\u015bmy w mediach powody naszych stanowczych protest\u00f3w oraz nasze postulaty.<\/p>\n\n\n\n<p>Nasze zdanie zosta\u0142o jednak zignorowane, mimo to, \u017ce wprowadzanie w \u017cycie tych szkodliwych zmian mo\u017cna by\u0142o powstrzyma\u0107 na ka\u017cdym etapie procedowania ustawy.<\/p>\n\n\n\n<p>Niestety interes polityczny okaza\u0142 si\u0119 wa\u017cniejszy od dobra naszych dzieci.<\/p>\n\n\n\n<p>Dlatego, korzystaj\u0105c z przys\u0142uguj\u0105cych nam praw obywatelskich, przyst\u0119pujemy do zbierania podpis\u00f3w pod inicjatyw\u0105 referendaln\u0105. Edukacja naszych dzieci jest spraw\u0105 niezwyk\u0142ej wagi i my, rodzice, mamy prawo do wyra\u017cenia swojego sprzeciwu w taki spos\u00f3b, kt\u00f3ry przyczyni si\u0119 do powstrzymania reformy, na kt\u00f3r\u0105 nie wyra\u017camy zgody.<\/p>\n\n\n\n<p>Pami\u0119taj! T\u0119 reform\u0119 mo\u017cna jeszcze zatrzyma\u0107!<\/p>\n\n\n<div class=\"wp-block-image\">\n<figure class=\"alignleft\"><a href=\"http:\/\/www.edzierzoniow.pl\/wp\/wp-content\/uploads\/2017\/02\/C3uQM21VUAAA2eM.jpg\"><img loading=\"lazy\" decoding=\"async\" width=\"1024\" height=\"1024\" src=\"http:\/\/www.edzierzoniow.pl\/wp\/wp-content\/uploads\/2017\/02\/C3uQM21VUAAA2eM.jpg\" alt=\"Reforma szkolna\" class=\"wp-image-249\" srcset=\"https:\/\/www.edzierzoniow.pl\/wp\/wp-content\/uploads\/2017\/02\/C3uQM21VUAAA2eM.jpg 1024w, https:\/\/www.edzierzoniow.pl\/wp\/wp-content\/uploads\/2017\/02\/C3uQM21VUAAA2eM-150x150.jpg 150w, https:\/\/www.edzierzoniow.pl\/wp\/wp-content\/uploads\/2017\/02\/C3uQM21VUAAA2eM-300x300.jpg 300w, https:\/\/www.edzierzoniow.pl\/wp\/wp-content\/uploads\/2017\/02\/C3uQM21VUAAA2eM-768x768.jpg 768w\" sizes=\"auto, (max-width: 1024px) 100vw, 1024px\" \/><\/a><figcaption class=\"wp-element-caption\">Reforma szkolna<\/figcaption><\/figure>\n<\/div>\n\n\n<p><strong>Instrukcja zbierania podpis\u00f3w &#8211; Referendalne ABC<\/strong><\/p>\n\n\n\n<p>G\u0142\u00f3wnym celem naszej inicjatywy jest zebranie co najmniej 500 tys. podpis\u00f3w pod wnioskiem, kt\u00f3ry zgodnie z art. 63 ust. 1 ustawy z dnia 14 marca 2003 r. o referendum og\u00f3lnokrajowym, zostanie przekazany do Marsza\u0142ka Sejmu RP.<\/p>\n\n\n\n<ol class=\"wp-block-list\">\n<li>Pod wnioskiem mog\u0105 podpisywa\u0107 si\u0119 wszyscy obywatele polscy posiadaj\u0105cy prawa wyborcze. Mog\u0105 to by\u0107 rodzice, dziadkowie, znajomi, s\u0105siedzi i wszyscy, kt\u00f3rym dobro polskiej edukacji jest szczeg\u00f3lnie bliskie.<\/li>\n\n\n\n<li>Podpis pod wnioskiem jest wa\u017cny pod warunkiem wpisania numeru PESEL. Dane na li\u015bcie s\u0105 zgodne z wymogami przepisu o referendum og\u00f3lnokrajowym.<\/li>\n\n\n\n<li>Referendum jest og\u00f3lnokrajowe, dlatego listy do zbierania podpis\u00f3w s\u0105 takie same na terenie ca\u0142ego kraju.<\/li>\n\n\n\n<li>Listy do zbierania podpis\u00f3w s\u0105 wa\u017cne wy\u0142\u0105cznie bez dopisk\u00f3w, piecz\u0105tek, itp.<\/li>\n\n\n\n<li>Licz\u0105 si\u0119 tylko listy z podpisami odr\u0119cznymi, dlatego oryginalne listy nale\u017cy przekaza\u0107 osobi\u015bcie, przesy\u0142a\u0107 poczt\u0105 b\u0105d\u017a kurierem.<\/li>\n\n\n\n<li>Dane osobowe mog\u0105 by\u0107 wpisane na list\u0119 przez inn\u0105 osob\u0119, ale podpis musi by\u0107 w\u0142asnor\u0119czny.<\/li>\n\n\n\n<li>Kiedy na li\u015bcie jeden z podpis\u00f3w zosta\u0142 skre\u015blony, a pozosta\u0142e podpisy zawieraj\u0105 wszystkie wymagane dane, taka lista jest wa\u017cna. W przypadku, gdy kto\u015b chce wycofa\u0107 swoje poparcie dla wniosku mo\u017ce przekre\u015bli\u0107 sw\u00f3j podpis.<\/li>\n\n\n\n<li>Podpisane listy nale\u017cy wys\u0142a\u0107 na adres sztabu.<\/li>\n\n\n\n<li>Po dotarciu list do siedziby sztabu podpisy b\u0119d\u0105 zdeponowane w specjalnym schowku.<br>Dost\u0119p do list b\u0119d\u0105 mia\u0142y tylko wyznaczone osoby. Po zliczeniu podpis\u00f3w listy trafi\u0105 do Sejmu, gdzie ponownie zostan\u0105 przeliczone, a nast\u0119pnie komisyjnie zniszczone.<\/li>\n\n\n\n<li>Zebranie pod wnioskiem co najmniej 500 tys. podpis\u00f3w nie gwarantuje, \u017ce Sejm zdecyduje o przeprowadzeniu referendum. Dlatego naszym g\u0142\u00f3wnym zadaniem jest zebranie takiej liczby podpis\u00f3w, aby pos\u0142om trudno by\u0142o zag\u0142osowa\u0107 przeciw referendum. Nasze podpisy maj\u0105 swoj\u0105 moc i politycy nie mog\u0105 ich zlekcewa\u017cy\u0107.<\/li>\n<\/ol>\n\n\n\n<p>Dzia\u0142ania referendalne maj\u0105 sens, bo jeszcze mo\u017cemy zatrzyma\u0107 reform\u0119.<\/p>\n\n\n\n\t\t<div class=\"wppdfemb-frame-container-1\" style=\"-webkit-overflow-scrolling:auto;\">\n\t\t\t<iframe class=\"pdfembed-iframe nonfullscreen wppdf-emb-iframe-1\"\n\t\t\t\tsrc=\"https:\/\/www.edzierzoniow.pl\/?pdfemb-data=eyJwZGZJRCI6MjQ3LCJ1cmwiOiJodHRwczpcL1wvd3d3LmVkemllcnpvbmlvdy5wbFwvd3BcL3dwLWNvbnRlbnRcL3VwbG9hZHNcLzIwMTdcLzAyXC9SZWZlcmVuZHVtLWxpc3RhLTExLnBkZiIsImluZGV4IjoxfQ\"\n\t\t\t\t\t\t\t\tdata-pdf-id=\"247\"\n\t\t\t\tdata-pdf-index=\"1\"\n\t\t\t\tstyle=\"border:none;width:100%;max-width:100%;height:100vh;\"\n\t\t\t\tscrolling=\"yes\">\n\t\t\t<\/iframe>\n\t\t<\/div>\n\n\t\t\n\n\n<p><a href=\"http:\/\/hipcio.webd.pl\/rodziceprzeciwko\/wp-content\/uploads\/2017\/01\/Referendum-lista-11.pdf\" target=\"_blank\" rel=\"noopener\">Link do formularza.<\/a><\/p>\n\n\n\n<p>Podpisane formularze mo\u017cna dostarcza\u0107:<br>ZNP<br>ul. Nauczycielska 2<br>50-381 Wroc\u0142aw<br>tel. (71) 322-92-68\/69<br>tel.\/fax (71) 322-82-41<br>email: dolnoslaski@znp.edu.pl<\/p>\n\n\n\n<p>Koordynatorem na nasz rejon jest<br>El\u017cbieta Polewska (Kongres Kobiet) ela1polewska@gmail.com<\/p>\n","protected":false},"excerpt":{"rendered":"<p>G\u0142os rodzic\u00f3w w debacie o reformie zosta\u0142 pomini\u0119ty. Chocia\u017c Anna Zalewska wielokrotnie powo\u0142ywa\u0142a si\u0119 na konsultacje towarzysz\u0105ce wprowadzanym w o\u015bwiacie zmianom, to jednak nie odby\u0142y si\u0119 \u017cadne konsultacje, w kt\u00f3re w\u0142\u0105czeni byliby r\u00f3wnie\u017c rodzice i opiekunowie. Za to liczba ruch\u00f3w rodzicielskich, opowiadaj\u0105cych si\u0119 przeciwko planowanej reformie edukacji, systematycznie ro\u015bnie. Czy referendum ma teraz sens? To &hellip; <a href=\"https:\/\/www.edzierzoniow.pl\/?p=246\" class=\"more-link\">Czytaj dalej <span class=\"screen-reader-text\">Referendum w sprawie zatrzymania &#8222;reformy&#8221; edukacji<\/span> <span class=\"meta-nav\">&rarr;<\/span><\/a><\/p>\n","protected":false},"author":1,"featured_media":248,"comment_status":"open","ping_status":"open","sticky":false,"template":"","format":"standard","meta":{"footnotes":""},"categories":[8,2,18],"tags":[33,34,32],"class_list":["post-246","post","type-post","status-publish","format-standard","has-post-thumbnail","hentry","category-bielawa","category-dzierzoniow","category-pieszyce","tag-edukacja","tag-gimnazja","tag-referendum"],"_links":{"self":[{"href":"https:\/\/www.edzierzoniow.pl\/index.php?rest_route=\/wp\/v2\/posts\/246","targetHints":{"allow":["GET"]}}],"collection":[{"href":"https:\/\/www.edzierzoniow.pl\/index.php?rest_route=\/wp\/v2\/posts"}],"about":[{"href":"https:\/\/www.edzierzoniow.pl\/index.php?rest_route=\/wp\/v2\/types\/post"}],"author":[{"embeddable":true,"href":"https:\/\/www.edzierzoniow.pl\/index.php?rest_route=\/wp\/v2\/users\/1"}],"replies":[{"embeddable":true,"href":"https:\/\/www.edzierzoniow.pl\/index.php?rest_route=%2Fwp%2Fv2%2Fcomments&post=246"}],"version-history":[{"count":5,"href":"https:\/\/www.edzierzoniow.pl\/index.php?rest_route=\/wp\/v2\/posts\/246\/revisions"}],"predecessor-version":[{"id":477,"href":"https:\/\/www.edzierzoniow.pl\/index.php?rest_route=\/wp\/v2\/posts\/246\/revisions\/477"}],"wp:featuredmedia":[{"embeddable":true,"href":"https:\/\/www.edzierzoniow.pl\/index.php?rest_route=\/wp\/v2\/media\/248"}],"wp:attachment":[{"href":"https:\/\/www.edzierzoniow.pl\/index.php?rest_route=%2Fwp%2Fv2%2Fmedia&parent=246"}],"wp:term":[{"taxonomy":"category","embeddable":true,"href":"https:\/\/www.edzierzoniow.pl\/index.php?rest_route=%2Fwp%2Fv2%2Fcategories&post=246"},{"taxonomy":"post_tag","embeddable":true,"href":"https:\/\/www.edzierzoniow.pl\/index.php?rest_route=%2Fwp%2Fv2%2Ftags&post=246"}],"curies":[{"name":"wp","href":"https:\/\/api.w.org\/{rel}","templated":true}]}}